{"id":459,"date":"2022-07-03T15:11:36","date_gmt":"2022-07-03T20:11:36","guid":{"rendered":"https:\/\/comercioventas.com\/blog\/?p=459"},"modified":"2022-07-03T15:15:18","modified_gmt":"2022-07-03T20:15:18","slug":"cual-es-el-origen-de-mi-bebito-fiu-fiu-zully-pinchi-y-martin-vizcarra","status":"publish","type":"post","link":"https:\/\/comercioventas.com\/blog\/cual-es-el-origen-de-mi-bebito-fiu-fiu-zully-pinchi-y-martin-vizcarra\/","title":{"rendered":"\u00bfCual es el origen de mi bebito fiu fiu? Zully Pinchi y Martin Vizcarra"},"content":{"rendered":"\n<p>La canci\u00f3n de <strong>mi bebito fiu fiu<\/strong> se ha convertido en una super viralizaci\u00f3n en la \u00faltima semana de Junio de 2022. Ahora qu\u00e9 ya han avanzado unos dias y estamos en Julio la canci\u00f3n pr\u00e1cticamente ha llegado a 10 millones de visualizaciones y al parecer esto solo es el comienzo ya qu\u00e9 al menos en M\u00e9xico apenas es su primer semana de viralizaci\u00f3n y la gente apenas la est\u00e1 conociendo. Pues bueno sin mas introducci\u00f3n aqu\u00ed te explico el origen de esta singular canci\u00f3n ya qu\u00e9 trae un transfondo pol\u00edtico muy curioso. Y es qu\u00e9 seg\u00fan el autor de la canci\u00f3n \u00abTito Silva\u00bb se ha basado para su construcci\u00f3n en los poemas qu\u00e9 Zully Pinchi le enviava al expresidente peruana Martin Vizcarra como prueba de su amor hacia el.<\/p>\n\n\n\n<figure class=\"wp-block-embed is-type-rich is-provider-gestor-del-servicio wp-block-embed-gestor-del-servicio\"><div class=\"wp-block-embed__wrapper\">\n<div class=\"jetpack-video-wrapper\"><span class='embed-youtube' style='text-align:center; display: block;'><iframe class='youtube-player' type='text\/html' width='750' height='452' src='https:\/\/www.youtube.com\/embed\/aZndPMCXv7I?version=3&#038;rel=1&#038;fs=1&#038;autohide=2&#038;showsearch=0&#038;showinfo=1&#038;iv_load_policy=1&#038;wmode=transparent' frameborder='0' allowfullscreen='true'><\/iframe><\/span><\/div>\n<\/div><\/figure>\n\n\n\n<p>Para darte una mejor idea Zully Pinchi tambien es una pol\u00edtica peruana con grandes cr\u00e9ditos en su curriculo y es qu\u00e9 tiene varios masters en Europa y es la autora del libro 113 cr\u00f3nicas de una pasi\u00f3n. Pues bueno al parecer ella y el expresidente presenciaron un encuentro rom\u00e1ntico en un prestigioso hotel de la ciudad de Cusco Per\u00fa donde la noche en una habitaci\u00f3n llega a costar hasta mil dolares. El ex presidente neg\u00f3 todo sin embargo seg\u00fan el com\u00fan del Per\u00fa confirma qu\u00e9 fue real. Cabe resaltar qu\u00e9 Martin Vizcarra fue retirado de su cargo como presidente del Per\u00fa en 2020 por <strong>permanente incapacidad moral<\/strong> para asumir el cargo como presidente de la republica.<\/p>\n\n\n\n<p>Cabe resaltar qu\u00e9 tambien la canci\u00f3n usa de fondo la m\u00fasica de la inconica canci\u00f3n de STAN en la cual Eminem y Dido son una pareja joven con muchos problemas econ\u00f3micos y qu\u00e9 van a dar a luz a un beb\u00e9. <\/p>\n\n\n\n<p>Referencias:<\/p>\n\n\n\n<p><a href=\"https:\/\/es.wikipedia.org\/wiki\/Mart%C3%ADn_Vizcarra\">https:\/\/es.wikipedia.org\/wiki\/Mart%C3%ADn_Vizcarra<\/a><\/p>\n\n\n\n<p><a href=\"https:\/\/www.infobae.com\/america\/peru\/2022\/05\/18\/quien-es-zully-pinchi-la-mujer-que-habria-tenido-un-encuentro-con-martin-vizcarra-en-un-hotel-del-cusco\/\">https:\/\/www.infobae.com\/america\/peru\/2022\/05\/18\/quien-es-zully-pinchi-la-mujer-que-habria-tenido-un-encuentro-con-martin-vizcarra-en-un-hotel-del-cusco\/<\/a><\/p>\n\n\n\n<figure class=\"wp-block-embed is-type-video is-provider-youtube wp-block-embed-youtube wp-embed-aspect-16-9 wp-has-aspect-ratio\"><div class=\"wp-block-embed__wrapper\">\n<div class=\"jetpack-video-wrapper\"><span class='embed-youtube' style='text-align:center; display: block;'><iframe class='youtube-player' type='text\/html' width='750' height='452' src='https:\/\/www.youtube.com\/embed\/Dg4c2Q67Qrg?version=3&#038;rel=1&#038;fs=1&#038;autohide=2&#038;showsearch=0&#038;showinfo=1&#038;iv_load_policy=1&#038;wmode=transparent' frameborder='0' allowfullscreen='true'><\/iframe><\/span><\/div>\n<\/div><\/figure>\n\n\n\n<figure class=\"wp-block-image size-large\"><img loading=\"lazy\" width=\"1024\" height=\"576\" src=\"https:\/\/comercioventas.com\/blog\/wp-content\/uploads\/2022\/07\/MIBEBITOFIUFIU-1024x576.png\" alt=\"El origen de mi bebito fiu fiu se remonta al romance de Martin Vizcarra con Zully Pinchi\" class=\"wp-image-461\" srcset=\"https:\/\/comercioventas.com\/blog\/wp-content\/uploads\/2022\/07\/MIBEBITOFIUFIU-1024x576.png 1024w, https:\/\/comercioventas.com\/blog\/wp-content\/uploads\/2022\/07\/MIBEBITOFIUFIU-300x169.png 300w, https:\/\/comercioventas.com\/blog\/wp-content\/uploads\/2022\/07\/MIBEBITOFIUFIU-768x432.png 768w, https:\/\/comercioventas.com\/blog\/wp-content\/uploads\/2022\/07\/MIBEBITOFIUFIU-1200x675.png 1200w, https:\/\/comercioventas.com\/blog\/wp-content\/uploads\/2022\/07\/MIBEBITOFIUFIU.png 1280w\" sizes=\"(max-width: 1024px) 100vw, 1024px\" \/><figcaption><em>El origen de mi bebito fiu fiu se remonta al romance de Martin Vizcarra con Zully Pinchi<\/em><\/figcaption><\/figure>\n<div class=\"sharedaddy sd-sharing-enabled\"><div class=\"robots-nocontent sd-block sd-social sd-social-icon sd-sharing\"><h3 class=\"sd-title\">Comp\u00e1rtelo:<\/h3><div class=\"sd-content\"><ul><li class=\"share-twitter\"><a rel=\"nofollow\" data-shared=\"sharing-twitter-459\" class=\"share-twitter sd-button share-icon no-text\" href=\"https:\/\/comercioventas.com\/blog\/cual-es-el-origen-de-mi-bebito-fiu-fiu-zully-pinchi-y-martin-vizcarra\/?share=twitter\" target=\"_blank\" title=\"Haz clic para compartir en Twitter\"><span><\/span><span class=\"sharing-screen-reader-text\">Haz clic para compartir en Twitter (Se abre en una ventana nueva)<\/span><\/a><\/li><li class=\"share-facebook\"><a rel=\"nofollow\" data-shared=\"sharing-facebook-459\" class=\"share-facebook sd-button share-icon no-text\" href=\"https:\/\/comercioventas.com\/blog\/cual-es-el-origen-de-mi-bebito-fiu-fiu-zully-pinchi-y-martin-vizcarra\/?share=facebook\" target=\"_blank\" title=\"Comparte en Facebook\"><span><\/span><span class=\"sharing-screen-reader-text\">Comparte en Facebook (Se abre en una ventana nueva)<\/span><\/a><\/li><li class=\"share-google-plus-1\"><a rel=\"nofollow\" data-shared=\"sharing-google-459\" class=\"share-google-plus-1 sd-button share-icon no-text\" href=\"https:\/\/comercioventas.com\/blog\/cual-es-el-origen-de-mi-bebito-fiu-fiu-zully-pinchi-y-martin-vizcarra\/?share=google-plus-1\" target=\"_blank\" title=\"Haz clic para compartir en Google+\"><span><\/span><span class=\"sharing-screen-reader-text\">Haz clic para compartir en Google+ (Se abre en una ventana nueva)<\/span><\/a><\/li><li class=\"share-linkedin\"><a rel=\"nofollow\" data-shared=\"sharing-linkedin-459\" class=\"share-linkedin sd-button share-icon no-text\" href=\"https:\/\/comercioventas.com\/blog\/cual-es-el-origen-de-mi-bebito-fiu-fiu-zully-pinchi-y-martin-vizcarra\/?share=linkedin\" target=\"_blank\" title=\"Haz clic aqu\u00ed para compartir en LinkedIn\"><span><\/span><span class=\"sharing-screen-reader-text\">Haz clic aqu\u00ed para compartir en LinkedIn (Se abre en una ventana nueva)<\/span><\/a><\/li><li class=\"share-tumblr\"><a rel=\"nofollow\" data-shared=\"\" class=\"share-tumblr sd-button share-icon no-text\" href=\"https:\/\/comercioventas.com\/blog\/cual-es-el-origen-de-mi-bebito-fiu-fiu-zully-pinchi-y-martin-vizcarra\/?share=tumblr\" target=\"_blank\" title=\"Haz clic para compartir en Tumblr\"><span><\/span><span class=\"sharing-screen-reader-text\">Haz clic para compartir en Tumblr (Se abre en una ventana nueva)<\/span><\/a><\/li><li class=\"share-pinterest\"><a rel=\"nofollow\" data-shared=\"sharing-pinterest-459\" class=\"share-pinterest sd-button share-icon no-text\" href=\"https:\/\/comercioventas.com\/blog\/cual-es-el-origen-de-mi-bebito-fiu-fiu-zully-pinchi-y-martin-vizcarra\/?share=pinterest\" target=\"_blank\" title=\"Haz clic para compartir en Pinterest\"><span><\/span><span class=\"sharing-screen-reader-text\">Haz clic para compartir en Pinterest (Se abre en una ventana nueva)<\/span><\/a><\/li><li class=\"share-reddit\"><a rel=\"nofollow\" data-shared=\"\" class=\"share-reddit sd-button share-icon no-text\" href=\"https:\/\/comercioventas.com\/blog\/cual-es-el-origen-de-mi-bebito-fiu-fiu-zully-pinchi-y-martin-vizcarra\/?share=reddit\" target=\"_blank\" title=\"Haz clic para compartir en Reddit\"><span><\/span><span class=\"sharing-screen-reader-text\">Haz clic para compartir en Reddit (Se abre en una ventana nueva)<\/span><\/a><\/li><li class=\"share-pocket\"><a rel=\"nofollow\" data-shared=\"\" class=\"share-pocket sd-button share-icon no-text\" href=\"https:\/\/comercioventas.com\/blog\/cual-es-el-origen-de-mi-bebito-fiu-fiu-zully-pinchi-y-martin-vizcarra\/?share=pocket\" target=\"_blank\" title=\"Pincha para compartir en Pocket\"><span><\/span><span class=\"sharing-screen-reader-text\">Pincha para compartir en Pocket (Se abre en una ventana nueva)<\/span><\/a><\/li><li class=\"share-email\"><a rel=\"nofollow\" data-shared=\"\" class=\"share-email sd-button share-icon no-text\" href=\"https:\/\/comercioventas.com\/blog\/cual-es-el-origen-de-mi-bebito-fiu-fiu-zully-pinchi-y-martin-vizcarra\/?share=email\" target=\"_blank\" title=\"Hac clic para enviar por correo electr\u00f3nico a un amigo\"><span><\/span><span class=\"sharing-screen-reader-text\">Hac clic para enviar por correo electr\u00f3nico a un amigo (Se abre en una ventana nueva)<\/span><\/a><\/li><li class=\"share-print\"><a rel=\"nofollow\" data-shared=\"\" class=\"share-print sd-button share-icon no-text\" href=\"https:\/\/comercioventas.com\/blog\/cual-es-el-origen-de-mi-bebito-fiu-fiu-zully-pinchi-y-martin-vizcarra\/\" target=\"_blank\" title=\"Haz clic para imprimir\"><span><\/span><span class=\"sharing-screen-reader-text\">Haz clic para imprimir (Se abre en una ventana nueva)<\/span><\/a><\/li><li class=\"share-end\"><\/li><\/ul><\/div><\/div><\/div>","protected":false},"excerpt":{"rendered":"<p>La canci\u00f3n de mi bebito fiu fiu se ha convertido en una super viralizaci\u00f3n en la \u00faltima semana de Junio de 2022. Ahora qu\u00e9 ya han avanzado unos dias y estamos en Julio la canci\u00f3n pr\u00e1cticamente ha llegado a 10 millones de visualizaciones y al parecer esto solo es el comienzo ya qu\u00e9 al menos [&hellip;]<\/p>\n<div class=\"sharedaddy sd-sharing-enabled\"><div class=\"robots-nocontent sd-block sd-social sd-social-icon sd-sharing\"><h3 class=\"sd-title\">Comp\u00e1rtelo:<\/h3><div class=\"sd-content\"><ul><li class=\"share-twitter\"><a rel=\"nofollow\" data-shared=\"sharing-twitter-459\" class=\"share-twitter sd-button share-icon no-text\" href=\"https:\/\/comercioventas.com\/blog\/cual-es-el-origen-de-mi-bebito-fiu-fiu-zully-pinchi-y-martin-vizcarra\/?share=twitter\" target=\"_blank\" title=\"Haz clic para compartir en Twitter\"><span><\/span><span class=\"sharing-screen-reader-text\">Haz clic para compartir en Twitter (Se abre en una ventana nueva)<\/span><\/a><\/li><li class=\"share-facebook\"><a rel=\"nofollow\" data-shared=\"sharing-facebook-459\" class=\"share-facebook sd-button share-icon no-text\" href=\"https:\/\/comercioventas.com\/blog\/cual-es-el-origen-de-mi-bebito-fiu-fiu-zully-pinchi-y-martin-vizcarra\/?share=facebook\" target=\"_blank\" title=\"Comparte en Facebook\"><span><\/span><span class=\"sharing-screen-reader-text\">Comparte en Facebook (Se abre en una ventana nueva)<\/span><\/a><\/li><li class=\"share-google-plus-1\"><a rel=\"nofollow\" data-shared=\"sharing-google-459\" class=\"share-google-plus-1 sd-button share-icon no-text\" href=\"https:\/\/comercioventas.com\/blog\/cual-es-el-origen-de-mi-bebito-fiu-fiu-zully-pinchi-y-martin-vizcarra\/?share=google-plus-1\" target=\"_blank\" title=\"Haz clic para compartir en Google+\"><span><\/span><span class=\"sharing-screen-reader-text\">Haz clic para compartir en Google+ (Se abre en una ventana nueva)<\/span><\/a><\/li><li class=\"share-linkedin\"><a rel=\"nofollow\" data-shared=\"sharing-linkedin-459\" class=\"share-linkedin sd-button share-icon no-text\" href=\"https:\/\/comercioventas.com\/blog\/cual-es-el-origen-de-mi-bebito-fiu-fiu-zully-pinchi-y-martin-vizcarra\/?share=linkedin\" target=\"_blank\" title=\"Haz clic aqu\u00ed para compartir en LinkedIn\"><span><\/span><span class=\"sharing-screen-reader-text\">Haz clic aqu\u00ed para compartir en LinkedIn (Se abre en una ventana nueva)<\/span><\/a><\/li><li class=\"share-tumblr\"><a rel=\"nofollow\" data-shared=\"\" class=\"share-tumblr sd-button share-icon no-text\" href=\"https:\/\/comercioventas.com\/blog\/cual-es-el-origen-de-mi-bebito-fiu-fiu-zully-pinchi-y-martin-vizcarra\/?share=tumblr\" target=\"_blank\" title=\"Haz clic para compartir en Tumblr\"><span><\/span><span class=\"sharing-screen-reader-text\">Haz clic para compartir en Tumblr (Se abre en una ventana nueva)<\/span><\/a><\/li><li class=\"share-pinterest\"><a rel=\"nofollow\" data-shared=\"sharing-pinterest-459\" class=\"share-pinterest sd-button share-icon no-text\" href=\"https:\/\/comercioventas.com\/blog\/cual-es-el-origen-de-mi-bebito-fiu-fiu-zully-pinchi-y-martin-vizcarra\/?share=pinterest\" target=\"_blank\" title=\"Haz clic para compartir en Pinterest\"><span><\/span><span class=\"sharing-screen-reader-text\">Haz clic para compartir en Pinterest (Se abre en una ventana nueva)<\/span><\/a><\/li><li class=\"share-reddit\"><a rel=\"nofollow\" data-shared=\"\" class=\"share-reddit sd-button share-icon no-text\" href=\"https:\/\/comercioventas.com\/blog\/cual-es-el-origen-de-mi-bebito-fiu-fiu-zully-pinchi-y-martin-vizcarra\/?share=reddit\" target=\"_blank\" title=\"Haz clic para compartir en Reddit\"><span><\/span><span class=\"sharing-screen-reader-text\">Haz clic para compartir en Reddit (Se abre en una ventana nueva)<\/span><\/a><\/li><li class=\"share-pocket\"><a rel=\"nofollow\" data-shared=\"\" class=\"share-pocket sd-button share-icon no-text\" href=\"https:\/\/comercioventas.com\/blog\/cual-es-el-origen-de-mi-bebito-fiu-fiu-zully-pinchi-y-martin-vizcarra\/?share=pocket\" target=\"_blank\" title=\"Pincha para compartir en Pocket\"><span><\/span><span class=\"sharing-screen-reader-text\">Pincha para compartir en Pocket (Se abre en una ventana nueva)<\/span><\/a><\/li><li class=\"share-email\"><a rel=\"nofollow\" data-shared=\"\" class=\"share-email sd-button share-icon no-text\" href=\"https:\/\/comercioventas.com\/blog\/cual-es-el-origen-de-mi-bebito-fiu-fiu-zully-pinchi-y-martin-vizcarra\/?share=email\" target=\"_blank\" title=\"Hac clic para enviar por correo electr\u00f3nico a un amigo\"><span><\/span><span class=\"sharing-screen-reader-text\">Hac clic para enviar por correo electr\u00f3nico a un amigo (Se abre en una ventana nueva)<\/span><\/a><\/li><li class=\"share-print\"><a rel=\"nofollow\" data-shared=\"\" class=\"share-print sd-button share-icon no-text\" href=\"https:\/\/comercioventas.com\/blog\/cual-es-el-origen-de-mi-bebito-fiu-fiu-zully-pinchi-y-martin-vizcarra\/\" target=\"_blank\" title=\"Haz clic para imprimir\"><span><\/span><span class=\"sharing-screen-reader-text\">Haz clic para imprimir (Se abre en una ventana nueva)<\/span><\/a><\/li><li class=\"share-end\"><\/li><\/ul><\/div><\/div><\/div>","protected":false},"author":1,"featured_media":0,"comment_status":"open","ping_status":"open","sticky":false,"template":"","format":"standard","meta":[],"categories":[1],"tags":[590,592,591,594,598,587,588,593,589,595,596,597],"_links":{"self":[{"href":"https:\/\/comercioventas.com\/blog\/wp-json\/wp\/v2\/posts\/459"}],"collection":[{"href":"https:\/\/comercioventas.com\/blog\/wp-json\/wp\/v2\/posts"}],"about":[{"href":"https:\/\/comercioventas.com\/blog\/wp-json\/wp\/v2\/types\/post"}],"author":[{"embeddable":true,"href":"https:\/\/comercioventas.com\/blog\/wp-json\/wp\/v2\/users\/1"}],"replies":[{"embeddable":true,"href":"https:\/\/comercioventas.com\/blog\/wp-json\/wp\/v2\/comments?post=459"}],"version-history":[{"count":5,"href":"https:\/\/comercioventas.com\/blog\/wp-json\/wp\/v2\/posts\/459\/revisions"}],"predecessor-version":[{"id":466,"href":"https:\/\/comercioventas.com\/blog\/wp-json\/wp\/v2\/posts\/459\/revisions\/466"}],"wp:attachment":[{"href":"https:\/\/comercioventas.com\/blog\/wp-json\/wp\/v2\/media?parent=459"}],"wp:term":[{"taxonomy":"category","embeddable":true,"href":"https:\/\/comercioventas.com\/blog\/wp-json\/wp\/v2\/categories?post=459"},{"taxonomy":"post_tag","embeddable":true,"href":"https:\/\/comercioventas.com\/blog\/wp-json\/wp\/v2\/tags?post=459"}],"curies":[{"name":"wp","href":"https:\/\/api.w.org\/{rel}","templated":true}]}}